{"id":66288,"date":"2023-05-29T13:59:37","date_gmt":"2023-05-29T19:59:37","guid":{"rendered":"http:\/\/www.eloriente.net\/home\/?p=66288"},"modified":"2023-05-29T14:00:54","modified_gmt":"2023-05-29T20:00:54","slug":"la-historia-detras-de-tu-me-abandonaras-de-antonio-gala-por-clara-montes","status":"publish","type":"post","link":"https:\/\/www.eloriente.net\/home\/2023\/05\/29\/la-historia-detras-de-tu-me-abandonaras-de-antonio-gala-por-clara-montes\/","title":{"rendered":"La historia detr\u00e1s de \u00abTu me abandonar\u00e1s\u00bb de Antonio Gala por Clara Montes"},"content":{"rendered":"<p><strong>El domingo 28 de mayo de 2023 quedar\u00e1 escrito para los amantes de la poes\u00eda como el d\u00eda en que falleci\u00f3 Antonio Gala.<\/strong><\/p>\n<p><center><script async src=\"https:\/\/pagead2.googlesyndication.com\/pagead\/js\/adsbygoogle.js\"><\/script><br \/>\n<!-- BANNER ELORIENTE INCRUSTADO NOTAS --><br \/>\n<ins class=\"adsbygoogle\" style=\"display: inline-block; width: 300px; height: 250px;\" data-ad-client=\"ca-pub-1136171134853753\" data-ad-slot=\"7974633627\"><\/ins><br \/>\n<script>\n     (adsbygoogle = window.adsbygoogle || []).push({});\n<\/script><center>\u00a0<\/center><\/center>A los 92 a\u00f1os y retirado desde hace tantos en su fundaci\u00f3n (Antonio Gala) en C\u00f3rdoba, el poeta descansa despu\u00e9s de una larga convalecencia. En 2011 se hab\u00eda dado a conocer su enfermedad por c\u00e1ncer en el colon y sus \u00faltimas apariciones p\u00fablicas fueron en 2015 durante los Premios Turismo de Granada y en 2018 durante los Premios Loewe.<\/p>\n<p>El poeta fue un fen\u00f3meno literario principalmente en su natal Espa\u00f1a pero no se circunscribi\u00f3 a la pen\u00ednsula.<\/p>\n<p>Sus libros Enemigo \u00edntimo de poes\u00eda (1959) fue reconocido con el Premio Adonais. Y desde ese primer volumen hasta el \u00faltimo fue siempre bien recibido y aclamado. El \u00faltimo El poema de Tob\u00edas desangelado se considera su legado final, de 2005.<\/p>\n<p><script async src=\"https:\/\/pagead2.googlesyndication.com\/pagead\/js\/adsbygoogle.js\"><\/script><br \/>\n<ins class=\"adsbygoogle\" style=\"display: block; text-align: center;\" data-ad-layout=\"in-article\" data-ad-format=\"fluid\" data-ad-client=\"ca-pub-1136171134853753\" data-ad-slot=\"1904291222\"><\/ins><br \/>\n<script>\n     (adsbygoogle = window.adsbygoogle || []).push({});\n<\/script><\/p>\n<h3>Gala por Clara Montes<\/h3>\n<p>Y como el destino une a los preclaros, fue Clara Montes quien <a href=\"https:\/\/cadenaser.com\/andalucia\/2023\/05\/29\/musica-y-poesia-en-el-calido-adios-a-antonio-gala-radio-cordoba\/\" target=\"_blank\" rel=\"noopener\">durante la ceremonia de luto<\/a> en la Fundaci\u00f3n, ha cantado l\u00edneas de Gala profundamente conmida.<\/p>\n<blockquote class=\"twitter-tweet\">\n<p dir=\"ltr\" lang=\"es\">Clara Montes canta por Antonio Gala en su despedida en la <a href=\"https:\/\/twitter.com\/fundacionagala?ref_src=twsrc%5Etfw\">@fundacionagala<\/a>. <a href=\"https:\/\/t.co\/LU8YYQYN9g\">pic.twitter.com\/LU8YYQYN9g<\/a><\/p>\n<p>\u2014 Radio C\u00f3rdoba (@RadioCordobaSER) <a href=\"https:\/\/twitter.com\/RadioCordobaSER\/status\/1663197721119936517?ref_src=twsrc%5Etfw\">May 29, 2023<\/a><\/p><\/blockquote>\n<p><script async src=\"https:\/\/platform.twitter.com\/widgets.js\" charset=\"utf-8\"><\/script><\/p>\n<p>Clara Montes visitaba a Antonio Gala en su fundaci\u00f3n durante el retiro. Pero la visita m\u00e1s significativa fue la que realiz\u00f3 en 1998 cuando se produce y se lanza su primer disco: <a href=\"https:\/\/datos.bne.es\/edicion\/biso0000663232.html\" target=\"_blank\" rel=\"noopener\">Clara Montes canta a Antonio Gala<\/a>.<\/p>\n<p>Este disco vino a revolucionar la vida de la artista y muchas personas pudieron conocer entonces su m\u00fasica y su arte.<\/p>\n<p>Ella explicaba para <a href=\"https:\/\/www.elmundo.es\/larevista\/num137\/textos\/gentes2.html\" target=\"_blank\" rel=\"noopener\">Gentes de El Mundo<\/a> as\u00ed aquel material:<\/p>\n<p><b>\u00abPregunta.-\u00bfY c\u00f3mo se explica eso que canta usted? No es f\u00e1cil.<\/b><br \/>\n<b>Respuesta.-<\/b>-No es canci\u00f3n de autor ni copla ni flamenco. Porque culturalmente yo soy un h\u00edbrido. He ido experimentando con la m\u00fasica y he llegado a un tipo de canci\u00f3n espa\u00f1ola, mel\u00f3dica, con aire andaluz, pero sin sello claro. Es un producto nuevo que yo no puedo etiquetar. Etiqu\u00e9talo t\u00fa.<\/p>\n<p><b>P.-Si ha experimentado tanto. \u00bfPor qu\u00e9 etapas ha pasado?<\/b><br \/>\n<b>R.-<\/b>Empec\u00e9 cantando flamenco para cuerpo de baile, luego viaj\u00e9 a Argentina y all\u00ed escuchaba canci\u00f3n de autor, rasgada, cuentacuentos y descubr\u00ed la copla espa\u00f1ola que aqu\u00ed estaba desprestigiada. Hac\u00eda entre canci\u00f3n flamenca y copla, siempre diciendo cosas. Despu\u00e9s trabaj\u00e9 con Amancio Prada y aprend\u00ed el mundo cl\u00e1sico, los instrumentos de cuerda, fue muy fuerte. Gracias a aquello, en este disco hay arreglos de cuerda maravillosos. Y tres canciones con chelo.<\/p>\n<p>(&#8230;)<\/p>\n<p>\u00ab<b>P.-\u00bfQu\u00e9 le ha aportado la producci\u00f3n de Rosa Le\u00f3n?<\/b><br \/>\n<b>R.-<\/b>Much\u00edsimo. Llevaba tres a\u00f1os haciendo maquetas, buscando mi camino. Ella escuch\u00f3 mis temas y mis sentimientos y me prest\u00f3 la sabidur\u00eda de sus 20 a\u00f1os de carrera para ayudarme a sacar lo que ten\u00eda dentro. Ha sido impresionante.<\/p>\n<p><script async src=\"https:\/\/pagead2.googlesyndication.com\/pagead\/js\/adsbygoogle.js\"><\/script><br \/>\n<ins class=\"adsbygoogle\" style=\"display: block; text-align: center;\" data-ad-layout=\"in-article\" data-ad-format=\"fluid\" data-ad-client=\"ca-pub-1136171134853753\" data-ad-slot=\"4724569608\"><\/ins><br \/>\n<script>\n     (adsbygoogle = window.adsbygoogle || []).push({});\n<\/script><\/p>\n<p>Aquel disco vino justo en un momento en que Clara estaba a punto de tirar la toalla. Sin embargo, Montes se puso en contacto con Rosa Le\u00f3n y empezaron a trabajar en El soneto de la Luna.<\/p>\n<p>Esa colaboraci\u00f3n cambi\u00f3 las cosas pues <a href=\"https:\/\/www.elmundo.es\/larevista\/num197\/textos\/copla1.html\" target=\"_blank\" rel=\"noopener\">Gala se entusiasm\u00f3 con el proyecto<\/a>. Gala era amigo del padre la cantante y la hab\u00eda visto cantar alguna vez.<\/p>\n<p>Y a partir de all\u00ed fueron saliendo las canciones del disco Clara Montes canta a Antonio Gala.<\/p>\n<h3>Tu me abandonar\u00e1s<\/h3>\n<p>Entre todas ellas, destaca <strong>Tu me abandonar\u00e1s<\/strong>. Versi\u00f3n de un soneto de Gala:<\/p>\n<div class=\"verse \">T\u00fa me abandonar\u00e1s en primavera,<\/div>\n<div class=\"verse \">cuando sangre la dicha en los granados<\/div>\n<div class=\"verse \">y el secadero, de ojos asombrados,<\/div>\n<div class=\"verse \">presienta la cosecha venidera.<\/div>\n<div class=\"g-line-height-1\"><\/div>\n<div class=\"verse \">Creer\u00e1 el olivo de la carretera<\/div>\n<div class=\"verse \">ya en su rama los frutos verdeados.<\/div>\n<div class=\"verse \">Verter\u00e1 por maizales y sembrados<\/div>\n<div class=\"verse \">el milagro su alegre revolera.<\/div>\n<div class=\"g-line-height-1\"><\/div>\n<div class=\"verse \">T\u00fa me abandonar\u00e1s. Y tan labriega<\/div>\n<div class=\"verse \">clarear\u00e1 la tarde en el ejido,<\/div>\n<div class=\"verse \">que pensar\u00e9: Es el d\u00eda lo que llega.<\/div>\n<div class=\"g-line-height-1\"><\/div>\n<div class=\"verse \">T\u00fa me abandonar\u00e1s sin hacer ruido,<\/div>\n<div class=\"verse \">mientras mi coraz\u00f3n salpica y juega<\/div>\n<div class=\"verse \">sin darse cuenta de que ya te has ido.<\/div>\n<div><\/div>\n<div><iframe loading=\"lazy\" title=\"YouTube video player\" src=\"https:\/\/www.youtube.com\/embed\/ES2x7rZPGFg?start=169\" width=\"560\" height=\"315\" frameborder=\"0\" allowfullscreen=\"allowfullscreen\"><\/iframe><\/div>\n<div><\/div>\n<div><script async src=\"https:\/\/pagead2.googlesyndication.com\/pagead\/js\/adsbygoogle.js\"><\/script><br \/>\n<ins class=\"adsbygoogle\" style=\"display: block; text-align: center;\" data-ad-layout=\"in-article\" data-ad-format=\"fluid\" data-ad-client=\"ca-pub-1136171134853753\" data-ad-slot=\"1904291222\"><\/ins><br \/>\n<script>\n     (adsbygoogle = window.adsbygoogle || []).push({});\n<\/script><\/div>\n<div>Sin lugar a dudas, esta canci\u00f3n cambi\u00f3 las cosas para Clara Montes y para muchas personas que la conocieron por primera vez.<\/div>\n<div><\/div>\n<div>Se trata de una sutil interpretaci\u00f3n que marc\u00f3 para siempre un delicado estilo musical, con una dicci\u00f3n exacta y pronunciada con mucho aire, en la mejor tradici\u00f3n.<\/div>\n<div><\/div>\n<div>En sus palabras dir\u00eda: \u00abfueron tomando cuerpo el resto de las canciones, gracias a la ayuda de Juan Carlos Calder\u00f3n, Pedro Guerra, V\u00edctor Mari\u00f1as y otros compositores. \u00abCon la ayuda de Rosa Le\u00f3n fui adaptando las canciones a mi manera y salieron como est\u00e1n en el disco. Yo no sab\u00eda muy bien qu\u00e9 estilo iba a salir, simplemente iba cantando lo que me apetec\u00eda y como me sal\u00eda.<\/div>\n<div><\/div>\n<div>Si no pensamos en la concepci\u00f3n tradicional, s\u00ed es canci\u00f3n espa\u00f1ola lo que yo hago. Con un nuevo aire. Tiene cositas de aqu\u00ed y de all\u00e1, todo lo que yo he ido chupando como una esponja\u00bb.<\/div>\n<div><\/div>\n<div>Unos a\u00f1os m\u00e1s tarde ya Clara Montes volver\u00eda a la poes\u00eda de Gala con Retratos:<\/div>\n<div><\/div>\n<div>Este d\u00eda, el diario ABC publica una carta de Montes para Gala, <a href=\"https:\/\/www.abc.es\/cultura\/querido-antonio-20230528194757-nt.html?fbclid=IwAR0qdQ6wng4fACvJnLwQDo_WKScluqtixFlvQV_jvY0RC16NaMAM52uI5_s#vca=compartirrrss&amp;vso=abc&amp;vmc=rrss&amp;vli=fixed-whatsapp\" target=\"_blank\" rel=\"noopener\">da click aqu\u00ed<\/a>.<\/div>\n<div><\/div>\n<div>\n<figure id=\"attachment_66290\" aria-describedby=\"caption-attachment-66290\" style=\"width: 640px\" class=\"wp-caption alignnone\"><a href=\"http:\/\/www.eloriente.net\/home\/wp-content\/uploads\/2023\/05\/Clara-Montes-canta-a-Antonio-Gala.jpeg\"><img loading=\"lazy\" decoding=\"async\" class=\"size-large wp-image-66290\" src=\"http:\/\/www.eloriente.net\/home\/wp-content\/uploads\/2023\/05\/Clara-Montes-canta-a-Antonio-Gala-1021x1024.jpeg\" alt=\"\" width=\"640\" height=\"642\" srcset=\"https:\/\/www.eloriente.net\/home\/wp-content\/uploads\/2023\/05\/Clara-Montes-canta-a-Antonio-Gala.jpeg 1021w, https:\/\/www.eloriente.net\/home\/wp-content\/uploads\/2023\/05\/Clara-Montes-canta-a-Antonio-Gala-150x150.jpeg 150w, https:\/\/www.eloriente.net\/home\/wp-content\/uploads\/2023\/05\/Clara-Montes-canta-a-Antonio-Gala-300x300.jpeg 300w, https:\/\/www.eloriente.net\/home\/wp-content\/uploads\/2023\/05\/Clara-Montes-canta-a-Antonio-Gala-768x770.jpeg 768w, https:\/\/www.eloriente.net\/home\/wp-content\/uploads\/2023\/05\/Clara-Montes-canta-a-Antonio-Gala-696x698.jpeg 696w, https:\/\/www.eloriente.net\/home\/wp-content\/uploads\/2023\/05\/Clara-Montes-canta-a-Antonio-Gala-419x420.jpeg 419w, https:\/\/www.eloriente.net\/home\/wp-content\/uploads\/2023\/05\/Clara-Montes-canta-a-Antonio-Gala-600x602.jpeg 600w, https:\/\/www.eloriente.net\/home\/wp-content\/uploads\/2023\/05\/Clara-Montes-canta-a-Antonio-Gala-100x100.jpeg 100w\" sizes=\"(max-width: 640px) 100vw, 640px\" \/><\/a><figcaption id=\"caption-attachment-66290\" class=\"wp-caption-text\">Clara Montes canta a Antonio Gala<\/figcaption><\/figure>\n<\/div>\n<div><\/div>\n<div><iframe loading=\"lazy\" title=\"YouTube video player\" src=\"https:\/\/www.youtube.com\/embed\/hc-LJR9zNXY\" width=\"560\" height=\"315\" frameborder=\"0\" allowfullscreen=\"allowfullscreen\"><\/iframe><\/div>\n<div><\/div>\n<h3>M\u00e1s videos en el Canal de Youtube de El Oriente:<\/h3>\n<p><iframe loading=\"lazy\" title=\"YouTube video player\" src=\"https:\/\/www.youtube.com\/embed\/0eUysl_uDyc?start=169\" width=\"560\" height=\"315\" frameborder=\"0\" allowfullscreen=\"allowfullscreen\"><\/iframe><\/p>\n\n\t\t\t  <div \n\t\t\t  \tclass = \"fb-comments\" \n\t\t\t  \tdata-href = \"https:\/\/www.eloriente.net\/home\/2023\/05\/29\/la-historia-detras-de-tu-me-abandonaras-de-antonio-gala-por-clara-montes\/\"\n\t\t\t  \tdata-numposts = \"10\"\n\t\t\t\tdata-colorscheme = \"dark\"\n\t\t\t\tdata-order-by = \"social\"\n\t\t\t\tdata-mobile=true>\n\t\t\t  <\/div>\n\t\t  <style>\n\t\t\t.fb_iframe_widget_fluid_desktop iframe {\n\t\t\t    width: 100% !important;\n\t\t\t}\n\t\t  <\/style>\n\t\t  ","protected":false},"excerpt":{"rendered":"<p>El domingo 28 de mayo de 2023 quedar\u00e1 escrito para los amantes de la poes\u00eda como el d\u00eda en que falleci\u00f3 Antonio Gala. \u00a0A los 92 a\u00f1os y retirado desde hace tantos en su fundaci\u00f3n (Antonio Gala) en C\u00f3rdoba, el poeta descansa despu\u00e9s de una larga convalecencia. En 2011 se hab\u00eda dado a conocer su [&hellip;]<\/p>\n","protected":false},"author":1,"featured_media":66289,"comment_status":"open","ping_status":"open","sticky":false,"template":"","format":"standard","meta":{"_jetpack_memberships_contains_paid_content":false,"footnotes":""},"categories":[5,49,18,32,12581,10504,10,24],"tags":[12926,12924,12925,12927],"class_list":{"0":"post-66288","1":"post","2":"type-post","3":"status-publish","4":"format-standard","5":"has-post-thumbnail","6":"hentry","7":"category-canal-3-musica","8":"category-destacadas","9":"category-educacion-y-cultura","10":"category-entradas","12":"category-las-ultimas-12","13":"category-lo-mas-reciente","14":"category-mexico-y-el-mundo","15":"tag-clara-montes-canta-a-antonio-gala","16":"tag-clara-montes-y-antonio-gala","17":"tag-poemas-de-amor","18":"tag-tu-me-abandonaras"},"jetpack_featured_media_url":"https:\/\/www.eloriente.net\/home\/wp-content\/uploads\/2023\/05\/@ClaraMontes-y-Antonio-Gala.jpeg","jetpack_sharing_enabled":true,"_links":{"self":[{"href":"https:\/\/www.eloriente.net\/home\/wp-json\/wp\/v2\/posts\/66288"}],"collection":[{"href":"https:\/\/www.eloriente.net\/home\/wp-json\/wp\/v2\/posts"}],"about":[{"href":"https:\/\/www.eloriente.net\/home\/wp-json\/wp\/v2\/types\/post"}],"author":[{"embeddable":true,"href":"https:\/\/www.eloriente.net\/home\/wp-json\/wp\/v2\/users\/1"}],"replies":[{"embeddable":true,"href":"https:\/\/www.eloriente.net\/home\/wp-json\/wp\/v2\/comments?post=66288"}],"version-history":[{"count":1,"href":"https:\/\/www.eloriente.net\/home\/wp-json\/wp\/v2\/posts\/66288\/revisions"}],"predecessor-version":[{"id":66291,"href":"https:\/\/www.eloriente.net\/home\/wp-json\/wp\/v2\/posts\/66288\/revisions\/66291"}],"wp:featuredmedia":[{"embeddable":true,"href":"https:\/\/www.eloriente.net\/home\/wp-json\/wp\/v2\/media\/66289"}],"wp:attachment":[{"href":"https:\/\/www.eloriente.net\/home\/wp-json\/wp\/v2\/media?parent=66288"}],"wp:term":[{"taxonomy":"category","embeddable":true,"href":"https:\/\/www.eloriente.net\/home\/wp-json\/wp\/v2\/categories?post=66288"},{"taxonomy":"post_tag","embeddable":true,"href":"https:\/\/www.eloriente.net\/home\/wp-json\/wp\/v2\/tags?post=66288"}],"curies":[{"name":"wp","href":"https:\/\/api.w.org\/{rel}","templated":true}]}}