{"id":66628,"date":"2024-07-24T17:15:32","date_gmt":"2024-07-24T23:15:32","guid":{"rendered":"https:\/\/www.eloriente.net\/home\/?p=66628"},"modified":"2024-07-24T17:15:32","modified_gmt":"2024-07-24T23:15:32","slug":"guelaguetza-2024-segundo-lunes-del-cerro-en-oaxaca","status":"publish","type":"post","link":"https:\/\/www.eloriente.net\/home\/2024\/07\/24\/guelaguetza-2024-segundo-lunes-del-cerro-en-oaxaca\/","title":{"rendered":"Guelaguetza 2024, segundo Lunes del Cerro en Oaxaca"},"content":{"rendered":"<p><strong>No hay forma de perderse el Segundo Lunes del Cerro en Oaxaca.<\/strong><\/p>\n<p>&nbsp;<\/p>\n<p><center><script async src=\"https:\/\/pagead2.googlesyndication.com\/pagead\/js\/adsbygoogle.js\"><\/script><br \/>\n<!-- BANNER ELORIENTE INCRUSTADO NOTAS --><br \/>\n<ins class=\"adsbygoogle\" style=\"display: inline-block; width: 300px; height: 250px;\" data-ad-client=\"ca-pub-1136171134853753\" data-ad-slot=\"7974633627\"><\/ins><br \/>\n<script>\n     (adsbygoogle = window.adsbygoogle || []).push({});\n<\/script><center><\/center><\/center><\/p>\n<p style=\"text-align: right;\"><strong>Por: Fernando M\u00e9ndez Baz\u00e1n<\/strong><\/p>\n<p>Dicen que la Guelaguetza en Oaxaca no se puede perder porque la hace la gente y las delegaciones. Y tienen raz\u00f3n: la pasi\u00f3n por participar y representar a las regiones sigue intacta.<\/p>\n<p>Tan es as\u00ed que luego del primer lunes el pasado 22 de julio, se encendieron los \u00e1nimos por diversos motivos, lo que solamente deja claro que la Guelaguetza est\u00e1 m\u00e1s viva que nunca.<\/p>\n<p>Las delegaciones por lo tanto para este segundo lunes ser\u00e1n seguidas con lupa, lo que las obliga a presentarse cada vez con mayor cuidado y profesionalismo. Desde la m\u00fasica hasta las danzas y vestuarios estar\u00e1n siendo evaluados por propios y extra\u00f1os.<\/p>\n<p>Otro aspecto importante para este segundo lunes es que ser\u00e1n 31 delegaciones, s\u00ed leyeron bien, ser\u00e1n 31 delegaciones las participantes, incluyendo las tradicionales como las Chinas Oaxaque\u00f1as de Casilda Flores que abren la emisi\u00f3n matutina y las de Genoveva Medina que cierran la celebraci\u00f3n.<\/p>\n<p>Adem\u00e1s San Juan Bautista Tuxtepec en el orden 10 de la primera presentaci\u00f3n y en el 14 de la segunda.<\/p>\n<p>Resalta que esta vez por el Istmo se presentar\u00e1n San Blas Atempa por la ma\u00f1ana y, por la tarde, habr\u00e1 3 delegaciones: San Pedro Tapanatepec, San Francisco Ixhuat\u00e1n y Juchit\u00e1n de Zaragoza.<\/p>\n<p>As\u00ed que para este segundo lunes del cerro se espera una gran fiesta con las siguientes delegaciones en total:<\/p>\n<h5>Segundo Lunes del Cerro<\/h5>\n<p><a href=\"http:\/\/www.eloriente.net\/home\/wp-content\/uploads\/2024\/07\/Listado-de-delegaciones-segundo-lunes-del-cerro-manana-Oaxaca-2024.png\"><img loading=\"lazy\" decoding=\"async\" class=\"alignnone size-full wp-image-66629\" src=\"http:\/\/www.eloriente.net\/home\/wp-content\/uploads\/2024\/07\/Listado-de-delegaciones-segundo-lunes-del-cerro-manana-Oaxaca-2024.png\" alt=\"Delegaciones participantes Lunes del Cerro 2024, ma\u00f1ana.\" width=\"819\" height=\"1024\" srcset=\"https:\/\/www.eloriente.net\/home\/wp-content\/uploads\/2024\/07\/Listado-de-delegaciones-segundo-lunes-del-cerro-manana-Oaxaca-2024.png 819w, https:\/\/www.eloriente.net\/home\/wp-content\/uploads\/2024\/07\/Listado-de-delegaciones-segundo-lunes-del-cerro-manana-Oaxaca-2024-240x300.png 240w, https:\/\/www.eloriente.net\/home\/wp-content\/uploads\/2024\/07\/Listado-de-delegaciones-segundo-lunes-del-cerro-manana-Oaxaca-2024-768x960.png 768w, https:\/\/www.eloriente.net\/home\/wp-content\/uploads\/2024\/07\/Listado-de-delegaciones-segundo-lunes-del-cerro-manana-Oaxaca-2024-696x870.png 696w, https:\/\/www.eloriente.net\/home\/wp-content\/uploads\/2024\/07\/Listado-de-delegaciones-segundo-lunes-del-cerro-manana-Oaxaca-2024-336x420.png 336w, https:\/\/www.eloriente.net\/home\/wp-content\/uploads\/2024\/07\/Listado-de-delegaciones-segundo-lunes-del-cerro-manana-Oaxaca-2024-600x750.png 600w\" sizes=\"(max-width: 819px) 100vw, 819px\" \/><\/a><\/p>\n<p><script async src=\"https:\/\/pagead2.googlesyndication.com\/pagead\/js\/adsbygoogle.js\"><\/script><br \/>\n<ins class=\"adsbygoogle\" style=\"display: block; text-align: center;\" data-ad-layout=\"in-article\" data-ad-format=\"fluid\" data-ad-client=\"ca-pub-1136171134853753\" data-ad-slot=\"1904291222\"><\/ins><br \/>\n<script>\n     (adsbygoogle = window.adsbygoogle || []).push({});\n<\/script><\/p>\n<p><a href=\"http:\/\/www.eloriente.net\/home\/wp-content\/uploads\/2024\/07\/Listado-de-delegaciones-segundo-lunes-del-cerro-tarde-Oaxaca-2024.png\"><img loading=\"lazy\" decoding=\"async\" class=\"alignnone size-full wp-image-66630\" src=\"http:\/\/www.eloriente.net\/home\/wp-content\/uploads\/2024\/07\/Listado-de-delegaciones-segundo-lunes-del-cerro-tarde-Oaxaca-2024.png\" alt=\"Delegaciones participantes Lunes del Cerro 2024, tarde\" width=\"819\" height=\"1024\" srcset=\"https:\/\/www.eloriente.net\/home\/wp-content\/uploads\/2024\/07\/Listado-de-delegaciones-segundo-lunes-del-cerro-tarde-Oaxaca-2024.png 819w, https:\/\/www.eloriente.net\/home\/wp-content\/uploads\/2024\/07\/Listado-de-delegaciones-segundo-lunes-del-cerro-tarde-Oaxaca-2024-240x300.png 240w, https:\/\/www.eloriente.net\/home\/wp-content\/uploads\/2024\/07\/Listado-de-delegaciones-segundo-lunes-del-cerro-tarde-Oaxaca-2024-768x960.png 768w, https:\/\/www.eloriente.net\/home\/wp-content\/uploads\/2024\/07\/Listado-de-delegaciones-segundo-lunes-del-cerro-tarde-Oaxaca-2024-696x870.png 696w, https:\/\/www.eloriente.net\/home\/wp-content\/uploads\/2024\/07\/Listado-de-delegaciones-segundo-lunes-del-cerro-tarde-Oaxaca-2024-336x420.png 336w, https:\/\/www.eloriente.net\/home\/wp-content\/uploads\/2024\/07\/Listado-de-delegaciones-segundo-lunes-del-cerro-tarde-Oaxaca-2024-600x750.png 600w\" sizes=\"(max-width: 819px) 100vw, 819px\" \/><\/a><\/p>\n<p>&nbsp;<\/p>\n<h5>Video Primer Lunes del Cerro:<\/h5>\n<p><iframe loading=\"lazy\" title=\"YouTube video player\" src=\"https:\/\/www.youtube.com\/embed\/aUawHLBoJLE?si=a8D7wQ3flka5rryQ\" width=\"560\" height=\"315\" frameborder=\"0\" allowfullscreen=\"allowfullscreen\"><\/iframe><\/p>\n<p><script async src=\"https:\/\/pagead2.googlesyndication.com\/pagead\/js\/adsbygoogle.js?client=ca-pub-1136171134853753\" crossorigin=\"anonymous\"><\/script><br \/>\n<ins class=\"adsbygoogle\" style=\"display: block;\" data-ad-format=\"autorelaxed\" data-ad-client=\"ca-pub-1136171134853753\" data-ad-slot=\"8067804546\"><\/ins><br \/>\n<script>\n     (adsbygoogle = window.adsbygoogle || []).push({});\n<\/script><\/p>\n\n\t\t\t  <div \n\t\t\t  \tclass = \"fb-comments\" \n\t\t\t  \tdata-href = \"https:\/\/www.eloriente.net\/home\/2024\/07\/24\/guelaguetza-2024-segundo-lunes-del-cerro-en-oaxaca\/\"\n\t\t\t  \tdata-numposts = \"10\"\n\t\t\t\tdata-colorscheme = \"dark\"\n\t\t\t\tdata-order-by = \"social\"\n\t\t\t\tdata-mobile=true>\n\t\t\t  <\/div>\n\t\t  <style>\n\t\t\t.fb_iframe_widget_fluid_desktop iframe {\n\t\t\t    width: 100% !important;\n\t\t\t}\n\t\t  <\/style>\n\t\t  ","protected":false},"excerpt":{"rendered":"<p>No hay forma de perderse el Segundo Lunes del Cerro en Oaxaca. &nbsp; Por: Fernando M\u00e9ndez Baz\u00e1n Dicen que la Guelaguetza en Oaxaca no se puede perder porque la hace la gente y las delegaciones. Y tienen raz\u00f3n: la pasi\u00f3n por participar y representar a las regiones sigue intacta. Tan es as\u00ed que luego del [&hellip;]<\/p>\n","protected":false},"author":1,"featured_media":66631,"comment_status":"open","ping_status":"open","sticky":false,"template":"","format":"standard","meta":{"_jetpack_memberships_contains_paid_content":false,"footnotes":""},"categories":[8,6,49,18,32,63,10504,10,464],"tags":[6821,1250,1681,12992],"class_list":["post-66628","post","type-post","status-publish","format-standard","has-post-thumbnail","hentry","category-agenda","category-canal-4-especiales","category-destacadas","category-educacion-y-cultura","category-entradas","category-estados","category-las-ultimas-12","category-lo-mas-reciente","category-oaxaca-estados","tag-delegaciones","tag-guelaguetza","tag-lunes-del-cerro","tag-lunes-del-cerro-2024"],"jetpack_featured_media_url":"https:\/\/www.eloriente.net\/home\/wp-content\/uploads\/2024\/07\/Santiago-Jamiltepec-Gobierno-de-Oaxaca.jpeg","jetpack_sharing_enabled":true,"_links":{"self":[{"href":"https:\/\/www.eloriente.net\/home\/wp-json\/wp\/v2\/posts\/66628"}],"collection":[{"href":"https:\/\/www.eloriente.net\/home\/wp-json\/wp\/v2\/posts"}],"about":[{"href":"https:\/\/www.eloriente.net\/home\/wp-json\/wp\/v2\/types\/post"}],"author":[{"embeddable":true,"href":"https:\/\/www.eloriente.net\/home\/wp-json\/wp\/v2\/users\/1"}],"replies":[{"embeddable":true,"href":"https:\/\/www.eloriente.net\/home\/wp-json\/wp\/v2\/comments?post=66628"}],"version-history":[{"count":1,"href":"https:\/\/www.eloriente.net\/home\/wp-json\/wp\/v2\/posts\/66628\/revisions"}],"predecessor-version":[{"id":66632,"href":"https:\/\/www.eloriente.net\/home\/wp-json\/wp\/v2\/posts\/66628\/revisions\/66632"}],"wp:featuredmedia":[{"embeddable":true,"href":"https:\/\/www.eloriente.net\/home\/wp-json\/wp\/v2\/media\/66631"}],"wp:attachment":[{"href":"https:\/\/www.eloriente.net\/home\/wp-json\/wp\/v2\/media?parent=66628"}],"wp:term":[{"taxonomy":"category","embeddable":true,"href":"https:\/\/www.eloriente.net\/home\/wp-json\/wp\/v2\/categories?post=66628"},{"taxonomy":"post_tag","embeddable":true,"href":"https:\/\/www.eloriente.net\/home\/wp-json\/wp\/v2\/tags?post=66628"}],"curies":[{"name":"wp","href":"https:\/\/api.w.org\/{rel}","templated":true}]}}