{"id":66893,"date":"2026-09-01T12:16:00","date_gmt":"2026-09-01T18:16:00","guid":{"rendered":"https:\/\/www.eloriente.net\/home\/?p=66893"},"modified":"2026-09-01T12:16:00","modified_gmt":"2026-09-01T18:16:00","slug":"culturainforme","status":"publish","type":"post","link":"https:\/\/www.eloriente.net\/home\/2026\/09\/01\/culturainforme\/","title":{"rendered":"Cultura en el Informe de Sheinbaum 2026"},"content":{"rendered":"<p>Esta ma\u00f1ana la presidenta de M\u00e9xico, Claudia Sheinbaum, present\u00f3 su Segundo Informe de Gobierno. All\u00ed, destac\u00f3 los avances de su administraci\u00f3n, entre ellos los que apunta en el \u00e1rea de cultura.<\/p>\n<p><script async src=\"https:\/\/pagead2.googlesyndication.com\/pagead\/js\/adsbygoogle.js?client=ca-pub-1136171134853753\" crossorigin=\"anonymous\"><\/script><br \/>\n<ins class=\"adsbygoogle\" style=\"display: block; text-align: center;\" data-ad-layout=\"in-article\" data-ad-format=\"fluid\" data-ad-client=\"ca-pub-1136171134853753\" data-ad-slot=\"1904291222\"><\/ins><br \/>\n<script>\n     (adsbygoogle = window.adsbygoogle || []).push({});\n<\/script><\/p>\n<p style=\"text-align: right;\"><strong><em>Por: Fernando Baz\u00e1n<\/em><\/strong><\/p>\n<p>El cap\u00edtulo dedicado a la pol\u00edtica cultural en el Segundo Informe de la Presidenta Claudia Sheinbaum, no llev\u00f3 demasiados minutos de exposici\u00f3n.<\/p>\n<p>De hecho, solamente destac\u00f3 4 avances en materia de cultura. Los cuales podr\u00edan resumirse en:<\/p>\n<h4><strong>Educaci\u00f3n Art\u00edstica<\/strong><\/h4>\n<p>Desde 2025 se eliminaron las cuotas en todas las escuelas (de educaci\u00f3n art\u00edstica) del Instituto Nacional de Bellas Artes y Literatura INBAL, el Instituto Nacional de Antropolog\u00eda e Historia (INAH) y el Centro de Capacitaci\u00f3n Cinematogr\u00e1fica.<\/p>\n<p>En ello se incluye el nuevo Centro de Capacitaci\u00f3n Cinematogr\u00e1fica en Chapultepec, que multiplic\u00f3 por cinco la matr\u00edcula.<\/p>\n<h4><strong>Orquesta Escuela Carlos Ch\u00e1vez<\/strong><\/h4>\n<p>La Orquesta tiene sede por primera despu\u00e9s de 37 a\u00f1os.<\/p>\n<h4><strong>Fondo de Cultura Econ\u00f3mica<\/strong><\/h4>\n<p>Con el fondo se editaron 2.5 millones de libros, para j\u00f3venes de 14 pa\u00edses y se han promovido m\u00e1s de 26,000 grupos de lectura.<\/p>\n<h4><strong>Pueblos Ind\u00edgenas<\/strong><\/h4>\n<p>Las lenguas originarias se han fortalecido a trav\u00e9s de 400 centros y se impulsan 35 planes de justicia y desarrollo en igual n\u00famero de pueblos ind\u00edgenas y afromexicanos.<\/p>\n<p>Est\u00e1 bajo consulta la Ley General de Derechos de Pueblos Ind\u00edgenas y Afromexicanos.<\/p>\n<p>Al finalizar, la presidenta de M\u00e9xico dijo que el pueblo es su camino y su destino. El contenido del informe fue as\u00ed predominantemente pol\u00edtico y en seguimiento del discurso que desde 2018 gobierna en el pa\u00eds.<\/p>\n<p>Se esperaba por otro lado que se\u00f1alara diversos descubrimientos arqueol\u00f3gicos o en su caso anunciara nuevas pol\u00edticas a favor de los creadores y creadoras, artistas o instituciones culturales, pero no fue as\u00ed.<\/p>\n<p>En cualquier caso, lo anterior pone en duda los resultados y avances en el sector cultural no solamente durante los \u00faltimos dos a\u00f1os, sino desde hace 8 que gobierna la autodenominada Cuarta Transformaci\u00f3n.<\/p>\n<p><script async src=\"https:\/\/pagead2.googlesyndication.com\/pagead\/js\/adsbygoogle.js?client=ca-pub-1136171134853753\" crossorigin=\"anonymous\"><\/script><br \/>\n<ins class=\"adsbygoogle\" style=\"display: block;\" data-ad-format=\"autorelaxed\" data-ad-client=\"ca-pub-1136171134853753\" data-ad-slot=\"7908013980\"><\/ins><br \/>\n<script>\n     (adsbygoogle = window.adsbygoogle || []).push({});\n<\/script><\/p>\n\n\t\t\t  <div \n\t\t\t  \tclass = \"fb-comments\" \n\t\t\t  \tdata-href = \"https:\/\/www.eloriente.net\/home\/2026\/09\/01\/culturainforme\/\"\n\t\t\t  \tdata-numposts = \"10\"\n\t\t\t\tdata-colorscheme = \"dark\"\n\t\t\t\tdata-order-by = \"social\"\n\t\t\t\tdata-mobile=true>\n\t\t\t  <\/div>\n\t\t  <style>\n\t\t\t.fb_iframe_widget_fluid_desktop iframe {\n\t\t\t    width: 100% !important;\n\t\t\t}\n\t\t  <\/style>\n\t\t  ","protected":false},"excerpt":{"rendered":"<p>Esta ma\u00f1ana la presidenta de M\u00e9xico, Claudia Sheinbaum, present\u00f3 su Segundo Informe de Gobierno. All\u00ed, destac\u00f3 los avances de su administraci\u00f3n, entre ellos los que apunta en el \u00e1rea de cultura. Por: Fernando Baz\u00e1n El cap\u00edtulo dedicado a la pol\u00edtica cultural en el Segundo Informe de la Presidenta Claudia Sheinbaum, no llev\u00f3 demasiados minutos de [&hellip;]<\/p>\n","protected":false},"author":1,"featured_media":66895,"comment_status":"open","ping_status":"open","sticky":false,"template":"","format":"video","meta":{"_jetpack_memberships_contains_paid_content":false,"footnotes":""},"categories":[4,49,18,32,10504,10,24],"tags":[241,13021,13022,13020],"class_list":["post-66893","post","type-post","status-publish","format-video","has-post-thumbnail","hentry","category-canal-2-en-vivo","category-destacadas","category-educacion-y-cultura","category-entradas","category-las-ultimas-12","category-lo-mas-reciente","category-mexico-y-el-mundo","tag-cultura","tag-cultura-sheinbaum","tag-informe-2026","tag-informe-sheinbaum","post_format-post-format-video"],"jetpack_featured_media_url":"https:\/\/www.eloriente.net\/home\/wp-content\/uploads\/2026\/09\/maxresdefault.jpg","jetpack_sharing_enabled":true,"_links":{"self":[{"href":"https:\/\/www.eloriente.net\/home\/wp-json\/wp\/v2\/posts\/66893"}],"collection":[{"href":"https:\/\/www.eloriente.net\/home\/wp-json\/wp\/v2\/posts"}],"about":[{"href":"https:\/\/www.eloriente.net\/home\/wp-json\/wp\/v2\/types\/post"}],"author":[{"embeddable":true,"href":"https:\/\/www.eloriente.net\/home\/wp-json\/wp\/v2\/users\/1"}],"replies":[{"embeddable":true,"href":"https:\/\/www.eloriente.net\/home\/wp-json\/wp\/v2\/comments?post=66893"}],"version-history":[{"count":1,"href":"https:\/\/www.eloriente.net\/home\/wp-json\/wp\/v2\/posts\/66893\/revisions"}],"predecessor-version":[{"id":66896,"href":"https:\/\/www.eloriente.net\/home\/wp-json\/wp\/v2\/posts\/66893\/revisions\/66896"}],"wp:featuredmedia":[{"embeddable":true,"href":"https:\/\/www.eloriente.net\/home\/wp-json\/wp\/v2\/media\/66895"}],"wp:attachment":[{"href":"https:\/\/www.eloriente.net\/home\/wp-json\/wp\/v2\/media?parent=66893"}],"wp:term":[{"taxonomy":"category","embeddable":true,"href":"https:\/\/www.eloriente.net\/home\/wp-json\/wp\/v2\/categories?post=66893"},{"taxonomy":"post_tag","embeddable":true,"href":"https:\/\/www.eloriente.net\/home\/wp-json\/wp\/v2\/tags?post=66893"}],"curies":[{"name":"wp","href":"https:\/\/api.w.org\/{rel}","templated":true}]}}