{"id":7974,"date":"2013-02-02T10:18:53","date_gmt":"2013-02-02T16:18:53","guid":{"rendered":"http:\/\/www.eloriente.net\/home\/?p=7974"},"modified":"2013-02-02T10:18:53","modified_gmt":"2013-02-02T16:18:53","slug":"10-librerias-del-mundo-que-te-encantara-visitar","status":"publish","type":"post","link":"https:\/\/www.eloriente.net\/home\/2013\/02\/02\/10-librerias-del-mundo-que-te-encantara-visitar\/","title":{"rendered":"10 librer\u00edas del mundo que te encantar\u00e1 visitar"},"content":{"rendered":"<p style=\"text-align: right;\">Por: <a href=\"http:\/\/monkeyzen.com\/2013\/01\/librerias-del-mundo\" target=\"_blank\">Belinda Lorenzana<\/a>*<\/p>\n<p>Ahora que se puede comprar libros en l\u00ednea, que Amazon se expande y llega otros pa\u00edses, y que incluso se habla de construir\u00a0<a href=\"http:\/\/monkeyzen.com\/2013\/01\/bibliotech-biblioteca-digital-futuro\">bibliotecas<\/a>\u00a0sin libros impresos, cuyo aspecto se acerca al de las tiendas Apple, parecer\u00eda que las librer\u00edas tradicionales est\u00e1n perdiendo vigencia. Pero no es as\u00ed. Las librer\u00edas siguen siendo lugares que nos encanta visitar y algunas de ellas, adem\u00e1s, son\u00a0<strong>extraordinarias<\/strong>. No dejen de conocer algunas de las librer\u00edas m\u00e1s interesantes de todo el mundo, en especial por su\u00a0<strong>arquitectura<\/strong>\u00a0o su\u00a0<strong>dise\u00f1o<\/strong>.<\/p>\n<div>\n<h2>El Ateneo (Buenos Aires)<\/h2>\n<p>Fue construida en el edificio que albergara el\u00a0<strong>teatro Gran Splendid<\/strong>, construido en 1919, en donde se presentaron Carlos Gardel, Ignacio Corsini, Roberto Firpo y otras personalidades. A finales de los 20 el\u00a0<a href=\"http:\/\/nomadistas.com\/2013\/01\/11\/librerias-mas-hermosas-de-mundo\">edificio<\/a>\u00a0fue convertido en cine. Ahora funciona como librer\u00eda: consta de tres pisos, sigue manteniendo ese aire teatral y alberga estantes con libros en sus palcos.<\/p>\n<p><a href=\"http:\/\/www.eloriente.net\/home\/wp-content\/uploads\/2013\/02\/El-Ateneo.jpg\"><img loading=\"lazy\" decoding=\"async\" class=\"aligncenter size-medium wp-image-7975\" title=\"El-Ateneo\" src=\"http:\/\/www.eloriente.net\/home\/wp-content\/uploads\/2013\/02\/El-Ateneo-300x202.jpg\" alt=\"\" width=\"300\" height=\"202\" srcset=\"https:\/\/www.eloriente.net\/home\/wp-content\/uploads\/2013\/02\/El-Ateneo-300x202.jpg 300w, https:\/\/www.eloriente.net\/home\/wp-content\/uploads\/2013\/02\/El-Ateneo-1024x691.jpg 1024w, https:\/\/www.eloriente.net\/home\/wp-content\/uploads\/2013\/02\/El-Ateneo.jpg 1300w\" sizes=\"(max-width: 300px) 100vw, 300px\" \/><\/a><\/p>\n<h2>Bookabar (Roma)<\/h2>\n<p>Bookabar es el para\u00edso de los amantes del dise\u00f1o y del\u00a0<strong>arte contempor\u00e1neo<\/strong>. Esta librer\u00eda ocupa parte del interior del Palazzo delle Esposizioni de Roma, pr\u00f3ximo a la Via Nazionale y la Via Milano, y se especializa en libros y cat\u00e1logos de arte.<\/p>\n<p><a href=\"http:\/\/www.eloriente.net\/home\/wp-content\/uploads\/2013\/02\/Librer\u00edas-Bookabar.jpg\"><img loading=\"lazy\" decoding=\"async\" class=\"aligncenter size-medium wp-image-7976\" title=\"Librer\u00edas-Bookabar\" src=\"http:\/\/www.eloriente.net\/home\/wp-content\/uploads\/2013\/02\/Librer\u00edas-Bookabar-300x199.jpg\" alt=\"\" width=\"300\" height=\"199\" srcset=\"https:\/\/www.eloriente.net\/home\/wp-content\/uploads\/2013\/02\/Librer\u00edas-Bookabar-300x199.jpg 300w, https:\/\/www.eloriente.net\/home\/wp-content\/uploads\/2013\/02\/Librer\u00edas-Bookabar.jpg 800w\" sizes=\"(max-width: 300px) 100vw, 300px\" \/><\/a><\/p>\n<h2>Lello e Irmao (Oporto)<\/h2>\n<p>Una de las m\u00e1s bellas de Europa, situada en un\u00a0<strong>edificio de estilo neog\u00f3tico<\/strong>\u00a0que data de 1906. Detalles antiguos, enormes estanter\u00edas de madera que llegan al techo y una escalera impresionante al centro del local, iluminada por la luz natural que se filtra por los vitrales.<\/p>\n<p><a href=\"http:\/\/www.eloriente.net\/home\/wp-content\/uploads\/2013\/02\/Librer\u00edas-Livraria-Lello.jpg\"><img loading=\"lazy\" decoding=\"async\" class=\"aligncenter size-medium wp-image-7977\" title=\"Librer\u00edas-Livraria-Lello\" src=\"http:\/\/www.eloriente.net\/home\/wp-content\/uploads\/2013\/02\/Librer\u00edas-Livraria-Lello-300x199.jpg\" alt=\"\" width=\"300\" height=\"199\" srcset=\"https:\/\/www.eloriente.net\/home\/wp-content\/uploads\/2013\/02\/Librer\u00edas-Livraria-Lello-300x199.jpg 300w, https:\/\/www.eloriente.net\/home\/wp-content\/uploads\/2013\/02\/Librer\u00edas-Livraria-Lello.jpg 800w\" sizes=\"(max-width: 300px) 100vw, 300px\" \/><\/a><\/p>\n<div>\n<h2>Bookworm (Pek\u00edn)<\/h2>\n<p>El t\u00e9rmino\u00a0<em>bookworm<\/em>\u00a0se utiliza para referirse a lo que, en espa\u00f1ol, entendemos como\u00a0<em>rat\u00f3n de biblioteca<\/em>. La librer\u00eda Bookworm se encuentra en Pek\u00edn y es una de las principales en China. Parece\u00a0<strong>un restaurante o un caf\u00e9<\/strong>\u00a0y, de hecho, ofrece esos servicios.<\/p>\n<p><a href=\"http:\/\/www.eloriente.net\/home\/wp-content\/uploads\/2013\/02\/Librer\u00edas-Bookworm.jpg\"><img loading=\"lazy\" decoding=\"async\" class=\"aligncenter size-medium wp-image-7978\" title=\"Librer\u00edas-Bookworm\" src=\"http:\/\/www.eloriente.net\/home\/wp-content\/uploads\/2013\/02\/Librer\u00edas-Bookworm-300x241.jpg\" alt=\"\" width=\"300\" height=\"241\" srcset=\"https:\/\/www.eloriente.net\/home\/wp-content\/uploads\/2013\/02\/Librer\u00edas-Bookworm-300x241.jpg 300w, https:\/\/www.eloriente.net\/home\/wp-content\/uploads\/2013\/02\/Librer\u00edas-Bookworm.jpg 800w\" sizes=\"(max-width: 300px) 100vw, 300px\" \/><\/a><\/p>\n<h2>Selexyz (Maastricht)<\/h2>\n<p>Est\u00e1 en Holanda y tambi\u00e9n funciona como biblioteca. Fue establecida en una\u00a0<strong>iglesia dominica<\/strong>\u00a0que se construy\u00f3 en el siglo XVIII. Nombrada por The Guardian como la librer\u00eda m\u00e1s hermosa de todo el mundo. No por nada gan\u00f3 el Lensvelt de Architect Interior Prize en 2008.<\/p>\n<p><a href=\"http:\/\/www.eloriente.net\/home\/wp-content\/uploads\/2013\/02\/Librer\u00edas-Iglesia.jpg\"><img loading=\"lazy\" decoding=\"async\" class=\"aligncenter size-medium wp-image-7979\" title=\"Librer\u00edas-Iglesia\" src=\"http:\/\/www.eloriente.net\/home\/wp-content\/uploads\/2013\/02\/Librer\u00edas-Iglesia-300x203.jpg\" alt=\"\" width=\"300\" height=\"203\" srcset=\"https:\/\/www.eloriente.net\/home\/wp-content\/uploads\/2013\/02\/Librer\u00edas-Iglesia-300x203.jpg 300w, https:\/\/www.eloriente.net\/home\/wp-content\/uploads\/2013\/02\/Librer\u00edas-Iglesia-1024x693.jpg 1024w, https:\/\/www.eloriente.net\/home\/wp-content\/uploads\/2013\/02\/Librer\u00edas-Iglesia.jpg 1600w\" sizes=\"(max-width: 300px) 100vw, 300px\" \/><\/a><\/p>\n<h2>Plural Bookshop (Bratislava)<\/h2>\n<p>Este espacio eslovaco est\u00e1 protagonizado por, adem\u00e1s de los libros, un\u00a0<strong>pasillo-escalera<\/strong>\u00a0cuyos escalones funcionan como sillas y\/o mesas. Tiene un aire informal y c\u00f3modo y un dise\u00f1o contempor\u00e1neo. Otro de sus aciertos: la iluminaci\u00f3n.<\/p>\n<p><a href=\"http:\/\/www.eloriente.net\/home\/wp-content\/uploads\/2013\/02\/Librer\u00edas-Plural-Bookshop.jpg\"><img loading=\"lazy\" decoding=\"async\" class=\"aligncenter size-medium wp-image-7980\" title=\"Librer\u00edas-Plural-Bookshop\" src=\"http:\/\/www.eloriente.net\/home\/wp-content\/uploads\/2013\/02\/Librer\u00edas-Plural-Bookshop-300x195.jpg\" alt=\"\" width=\"300\" height=\"195\" srcset=\"https:\/\/www.eloriente.net\/home\/wp-content\/uploads\/2013\/02\/Librer\u00edas-Plural-Bookshop-300x195.jpg 300w, https:\/\/www.eloriente.net\/home\/wp-content\/uploads\/2013\/02\/Librer\u00edas-Plural-Bookshop.jpg 818w\" sizes=\"(max-width: 300px) 100vw, 300px\" \/><\/a><\/p>\n<h2>Shakespeare &amp; Company (Par\u00eds)<\/h2>\n<p>Desde 1951, la librer\u00eda Shakespeare &amp; Company es un punto de referencia para intelectuales y bibli\u00f3filos. Fue fundada por George Whitman, un intelectual, viajero y bohemio que naci\u00f3 en Estados Unidos y se estableci\u00f3 en Par\u00eds despu\u00e9s de la Segunda Guerra Mundial. As\u00ed tendr\u00edan que verse las librer\u00edas: que haya\u00a0<strong>caos<\/strong>.<\/p>\n<p><a href=\"http:\/\/www.eloriente.net\/home\/wp-content\/uploads\/2013\/02\/Librer\u00edas-Shakespeare-and-Company.jpg\"><img loading=\"lazy\" decoding=\"async\" class=\"aligncenter size-medium wp-image-7981\" title=\"Librer\u00edas-Shakespeare-and-Company\" src=\"http:\/\/www.eloriente.net\/home\/wp-content\/uploads\/2013\/02\/Librer\u00edas-Shakespeare-and-Company-264x300.jpg\" alt=\"\" width=\"264\" height=\"300\" srcset=\"https:\/\/www.eloriente.net\/home\/wp-content\/uploads\/2013\/02\/Librer\u00edas-Shakespeare-and-Company-264x300.jpg 264w, https:\/\/www.eloriente.net\/home\/wp-content\/uploads\/2013\/02\/Librer\u00edas-Shakespeare-and-Company-902x1024.jpg 902w, https:\/\/www.eloriente.net\/home\/wp-content\/uploads\/2013\/02\/Librer\u00edas-Shakespeare-and-Company-1024x1161.jpg 1024w, https:\/\/www.eloriente.net\/home\/wp-content\/uploads\/2013\/02\/Librer\u00edas-Shakespeare-and-Company.jpg 1130w\" sizes=\"(max-width: 264px) 100vw, 264px\" \/><\/a><\/p>\n<h2>Poplar Kid&#8217;s Republic (Pek\u00edn)<\/h2>\n<p>Kid\u00b4s Republic refleja la esencia de la\u00a0<strong>literatura infantil<\/strong>\u00a0en su distribuci\u00f3n y su dise\u00f1o: se trata de un espacio divertido y que podr\u00eda funcionar como refugio. Naci\u00f3 en 2006 y se aleja de toda solemnidad para ser un espacio l\u00fadico que invita a la lectura.<\/p>\n<div><a href=\"http:\/\/www.eloriente.net\/home\/wp-content\/uploads\/2013\/02\/Librer\u00edas-Poplar-Kids.jpg\"><img loading=\"lazy\" decoding=\"async\" class=\"aligncenter size-medium wp-image-7982\" title=\"Librer\u00edas-Poplar-Kids\" src=\"http:\/\/www.eloriente.net\/home\/wp-content\/uploads\/2013\/02\/Librer\u00edas-Poplar-Kids-300x224.jpg\" alt=\"\" width=\"300\" height=\"224\" srcset=\"https:\/\/www.eloriente.net\/home\/wp-content\/uploads\/2013\/02\/Librer\u00edas-Poplar-Kids-300x224.jpg 300w, https:\/\/www.eloriente.net\/home\/wp-content\/uploads\/2013\/02\/Librer\u00edas-Poplar-Kids-1024x764.jpg 1024w, https:\/\/www.eloriente.net\/home\/wp-content\/uploads\/2013\/02\/Librer\u00edas-Poplar-Kids.jpg 1200w\" sizes=\"(max-width: 300px) 100vw, 300px\" \/><\/a><\/div>\n<div>\n<h2>Da Vila (Sao Paulo)<\/h2>\n<p>Construida en 2007, esta librer\u00eda brasile\u00f1a se distribuye en dos niveles y sorprende por su\u00a0<strong>escalera semicircular<\/strong>\u00a0en amarillo brillante, que invita a subir por ella y a curiosear entre los libros de la parte superior. El \u00e1rea para ni\u00f1os ofrece un peque\u00f1o escenario para cuentacuentos. Iluminada y contempor\u00e1nea.<\/p>\n<p><a href=\"http:\/\/www.eloriente.net\/home\/wp-content\/uploads\/2013\/02\/Librer\u00edas-D\u00e1vila.jpg\"><img loading=\"lazy\" decoding=\"async\" class=\"aligncenter size-medium wp-image-7983\" title=\"Librer\u00edas-D\u00e1vila\" src=\"http:\/\/www.eloriente.net\/home\/wp-content\/uploads\/2013\/02\/Librer\u00edas-D\u00e1vila-300x200.jpg\" alt=\"\" width=\"300\" height=\"200\" srcset=\"https:\/\/www.eloriente.net\/home\/wp-content\/uploads\/2013\/02\/Librer\u00edas-D\u00e1vila-300x200.jpg 300w, https:\/\/www.eloriente.net\/home\/wp-content\/uploads\/2013\/02\/Librer\u00edas-D\u00e1vila-1024x682.jpg 1024w, https:\/\/www.eloriente.net\/home\/wp-content\/uploads\/2013\/02\/Librer\u00edas-D\u00e1vila.jpg 1152w\" sizes=\"(max-width: 300px) 100vw, 300px\" \/><\/a><\/p>\n<h2>Cafebrer\u00eda El P\u00e9ndulo (Ciudad de M\u00e9xico)<\/h2>\n<p>De\u00a0<em>caf\u00e9<\/em>\u00a0y\u00a0<em>librer\u00eda<\/em>. Hay varias cabrer\u00edas El P\u00e9ndulo en el DF. En la sucursal de Polanco, el espacio es de lo m\u00e1s agradable, tiene muchas\u00a0<strong>plantas<\/strong>, altos estantes que rodean la sala central y sillones para sentarse a leer. Tambi\u00e9n funciona como restaurante, foro y galer\u00eda de arte.<\/p>\n<p><a href=\"http:\/\/www.eloriente.net\/home\/wp-content\/uploads\/2013\/02\/Librer\u00edas-P\u00e9ndulo.jpg\"><img loading=\"lazy\" decoding=\"async\" class=\"aligncenter size-medium wp-image-7985\" title=\"Librer\u00edas-P\u00e9ndulo\" src=\"http:\/\/www.eloriente.net\/home\/wp-content\/uploads\/2013\/02\/Librer\u00edas-P\u00e9ndulo-300x200.jpg\" alt=\"\" width=\"300\" height=\"200\" srcset=\"https:\/\/www.eloriente.net\/home\/wp-content\/uploads\/2013\/02\/Librer\u00edas-P\u00e9ndulo-300x200.jpg 300w, https:\/\/www.eloriente.net\/home\/wp-content\/uploads\/2013\/02\/Librer\u00edas-P\u00e9ndulo-1024x685.jpg 1024w, https:\/\/www.eloriente.net\/home\/wp-content\/uploads\/2013\/02\/Librer\u00edas-P\u00e9ndulo.jpg 1600w\" sizes=\"(max-width: 300px) 100vw, 300px\" \/><\/a><\/p>\n<p>&nbsp;<\/p>\n<p>&nbsp;<\/p>\n<p>*Art\u00edculo bajo licencia <a href=\"http:\/\/hipertextual.com\/licencia\/\" target=\"_blank\">Creative Commons<\/a>.<\/p>\n<\/div>\n<\/div>\n<\/div>\n\n\t\t\t  <div \n\t\t\t  \tclass = \"fb-comments\" \n\t\t\t  \tdata-href = \"https:\/\/www.eloriente.net\/home\/2013\/02\/02\/10-librerias-del-mundo-que-te-encantara-visitar\/\"\n\t\t\t  \tdata-numposts = \"10\"\n\t\t\t\tdata-colorscheme = \"dark\"\n\t\t\t\tdata-order-by = \"social\"\n\t\t\t\tdata-mobile=true>\n\t\t\t  <\/div>\n\t\t  <style>\n\t\t\t.fb_iframe_widget_fluid_desktop iframe {\n\t\t\t    width: 100% !important;\n\t\t\t}\n\t\t  <\/style>\n\t\t  ","protected":false},"excerpt":{"rendered":"<p>Por: Belinda Lorenzana* Ahora que se puede comprar libros en l\u00ednea, que Amazon se expande y llega otros pa\u00edses, y que incluso se habla de construir\u00a0bibliotecas\u00a0sin libros impresos, cuyo aspecto se acerca al de las tiendas Apple, parecer\u00eda que las librer\u00edas tradicionales est\u00e1n perdiendo vigencia. Pero no es as\u00ed. Las librer\u00edas siguen siendo lugares que [&hellip;]<\/p>\n","protected":false},"author":1,"featured_media":7983,"comment_status":"closed","ping_status":"open","sticky":false,"template":"","format":"standard","meta":{"_jetpack_memberships_contains_paid_content":false,"footnotes":""},"categories":[18,32,10],"tags":[],"class_list":["post-7974","post","type-post","status-publish","format-standard","has-post-thumbnail","hentry","category-educacion-y-cultura","category-entradas","category-lo-mas-reciente"],"jetpack_featured_media_url":"https:\/\/www.eloriente.net\/home\/wp-content\/uploads\/2013\/02\/Librer\u00edas-D\u00e1vila.jpg","jetpack_sharing_enabled":true,"_links":{"self":[{"href":"https:\/\/www.eloriente.net\/home\/wp-json\/wp\/v2\/posts\/7974"}],"collection":[{"href":"https:\/\/www.eloriente.net\/home\/wp-json\/wp\/v2\/posts"}],"about":[{"href":"https:\/\/www.eloriente.net\/home\/wp-json\/wp\/v2\/types\/post"}],"author":[{"embeddable":true,"href":"https:\/\/www.eloriente.net\/home\/wp-json\/wp\/v2\/users\/1"}],"replies":[{"embeddable":true,"href":"https:\/\/www.eloriente.net\/home\/wp-json\/wp\/v2\/comments?post=7974"}],"version-history":[{"count":3,"href":"https:\/\/www.eloriente.net\/home\/wp-json\/wp\/v2\/posts\/7974\/revisions"}],"predecessor-version":[{"id":7987,"href":"https:\/\/www.eloriente.net\/home\/wp-json\/wp\/v2\/posts\/7974\/revisions\/7987"}],"wp:featuredmedia":[{"embeddable":true,"href":"https:\/\/www.eloriente.net\/home\/wp-json\/wp\/v2\/media\/7983"}],"wp:attachment":[{"href":"https:\/\/www.eloriente.net\/home\/wp-json\/wp\/v2\/media?parent=7974"}],"wp:term":[{"taxonomy":"category","embeddable":true,"href":"https:\/\/www.eloriente.net\/home\/wp-json\/wp\/v2\/categories?post=7974"},{"taxonomy":"post_tag","embeddable":true,"href":"https:\/\/www.eloriente.net\/home\/wp-json\/wp\/v2\/tags?post=7974"}],"curies":[{"name":"wp","href":"https:\/\/api.w.org\/{rel}","templated":true}]}}