{"id":8119,"date":"2013-02-07T09:31:38","date_gmt":"2013-02-07T15:31:38","guid":{"rendered":"http:\/\/www.eloriente.net\/home\/?p=8119"},"modified":"2013-02-07T09:31:38","modified_gmt":"2013-02-07T15:31:38","slug":"el-autografo","status":"publish","type":"post","link":"https:\/\/www.eloriente.net\/home\/2013\/02\/07\/el-autografo\/","title":{"rendered":"El aut\u00f3grafo"},"content":{"rendered":"<div style=\"text-align: right\" align=\"justify\">Por: Rodolfo Nar\u00f3<\/div>\n<div align=\"justify\"><\/div>\n<div align=\"justify\">Haciendo una purga de libros en mi biblioteca llegu\u00e9 al estante donde tengo los dedicados y me sorprend\u00ed al encontrarme dos de Octavio Paz, su <em>Obra po\u00e9tica<\/em> y <em>La llama doble<\/em>. Otro de Vargas Llosa, de Carlos Fuentes, de Eugenio Montejo y muchos m\u00e1s que tanto me han acompa\u00f1ado. Recuerdo la vez en que Arturo P\u00e9rez Reverte firm\u00f3 a m\u00e1s de trescientas personas <em>La tabla de Flandes<\/em>, como tambi\u00e9n acostumbra a hacerlo Carlos Fuentes, de pie. El organizador del evento le insist\u00eda para que ocupara una mesa y c\u00f3modamente siguiera firmando, pero P\u00e9rez Reverte no acept\u00f3, si las personas est\u00e1n de pie haciendo fila no veo por qu\u00e9 yo tenga que estar sentado, dijo.<\/p>\n<p>La firma de Garc\u00eda M\u00e1rquez en <em>Cien a\u00f1os de soledad<\/em> la obtuve en Bellas Artes la noche que le hac\u00edan un homenaje a \u00c1lvaro Mutis. La sala estaba llena, seguramente \u00e9ramos m\u00e1s de quinientas personas. Despu\u00e9s de los aplausos y las felicitaciones, al final se sirvi\u00f3 un c\u00f3ctel en el sal\u00f3n interior del Palacio, s\u00f3lo para invitados especiales, sin embargo Garc\u00eda M\u00e1rquez prefiri\u00f3 quedarse a firmar hasta el \u00faltimo libro. Pero supongo que el r\u00e9cord de firmas se lo ha llevado Ken Follett quien en mayo pasado, en la feria del libro de Madrid, firm\u00f3 m\u00e1s de dos mil libros, yo, que desde temprano llegu\u00e9 muy entusiasta con mi ejemplar de <em>Los pilares de la tierra<\/em> al ver tama\u00f1a cola desist\u00ed sin el menor remordimiento.<\/p>\n<p>Esta costumbre de buscar el aut\u00f3grafo, la firma de pu\u00f1o y letra del escritor o artista me viene desde la infancia. Cuando cada seis meses viajaba con mis padres a la ciudad de M\u00e9xico a mi revisi\u00f3n de la columna aprovech\u00e1bamos para ir al teatro o a alg\u00fan musical que mi madre adoraba y que yo siempre he aborrecido. Al caer el tel\u00f3n, ten\u00eda su libreta lista, entonces me mandaba por delante para meternos <em>hasta la cocina<\/em> y buscar la firma o la foto. Me hice un caza aut\u00f3grafos y conoc\u00ed a Ang\u00e9lica Mar\u00eda, Emmanuel, Enrique Lizalde, actores de relumbr\u00f3n o cantantes que en su tiempo hicieron fama en Siempre en Domingo. As\u00ed hicimos amistad con Ricardo Ceratto, un cantante argentino que en los setenta era la sensaci\u00f3n. En octubre de 1978 fue a Tequila a dar un concierto gratuito en la plaza. Al finalizar, entre desmayos de los <em>fans<\/em> y la polic\u00eda municipal que serv\u00eda para un carajo baj\u00f3 del templete y se meti\u00f3 en el auto que lo regresar\u00eda a Guadalajara. De alguna manera me col\u00e9 entre la gente y me fui con \u00e9l. Nadie not\u00f3 mi presencia hasta que llegamos al hotel Camino Real y me dijo algo as\u00ed como, \u00bfpero ch\u00e9, qu\u00e9 hac\u00e9s vos ac\u00e1? Apenas ten\u00eda 11 a\u00f1os y lo \u00fanico que atin\u00e9 a decir fue: \u00bfme das tu aut\u00f3grafo?<\/p>\n<p>Ya cuando rondaba los 15 me enamor\u00e9 perdidamente de Christian Bach. Coleccionaba sus entrevistas, ten\u00eda su imagen pegada en la cabecera de mi cama, tanto era mi amor que tres d\u00edas antes de entrar al hospital para mi operaci\u00f3n de la columna, me llevaron al teatro a verla en una obra donde sal\u00eda en ropa interior. Al terminar la funci\u00f3n me tom\u00e9 una fotograf\u00eda con ella, me firm\u00f3 la libreta que ya hab\u00eda heredado de mi madre y me dese\u00f3 suerte. Yo supon\u00eda que aquella foto me acompa\u00f1ar\u00eda cerca de mi cama de hospital y creo que me dorm\u00ed, camino al quir\u00f3fano, anestesiado por el recuerdo de su cintura. Al despertar, mi sorpresa fue que el foco de la c\u00e1mara estaba m\u00e1s dislocado que mis v\u00e9rtebras y nos hab\u00eda sacado sin cabeza. Nadie cre\u00eda que en esa foto estaba yo con la actriz m\u00e1s hermosa que M\u00e9xico ten\u00eda en ese entonces.<\/p>\n<p>Antes, uno ten\u00eda que burlar vigilancias, hacerse pasar por alguien importante para tener el aut\u00f3grafo deseado, pero ahora la Feria del Libro de Guadalajara ha democratizado a los escritores. Por sus pasillos se hacen largas filas para tener la firma de Sabines, Saramago o Gael Garc\u00eda Bernal, aunque todav\u00eda quedan algunos inalcanzables. Hace tres o cuatro a\u00f1os cuando Hugo S\u00e1nchez era el director t\u00e9cnico de la Selecci\u00f3n Nacional pas\u00f3 por el aeropuerto de Guadalajara y una peque\u00f1a horda de admiradores lo segu\u00eda pidi\u00e9ndole aut\u00f3grafos, de coincidencia regresaba al DF en el mismo avi\u00f3n que Paco Ignacio Taibo II y yo. Taibo, un d\u00eda antes hab\u00eda estado en un evento con mil j\u00f3venes, hab\u00eda movido multitudes en la feria y firmado cientos de libros con paciencia asombrosa. En la sala de espera convers\u00e1bamos sobre su biograf\u00eda de Pancho Villa cuando vio que Hugo, huyendo de la turba se acercaba hacia nosotros, me dej\u00f3 con la palabra en la boca, busc\u00f3 un cuaderno, o quiz\u00e1 cogi\u00f3 uno de sus propios libros y corri\u00f3 a pedirle su aut\u00f3grafo, cuando el Pentapichichi por fin se decidi\u00f3 a firmar camisetas al verse acorralado.<\/p><\/div>\n<div align=\"justify\"><\/div>\n<div align=\"justify\"><a href=\"http:\/\/www.eloriente.net\/home\/wp-content\/uploads\/2013\/02\/carlos-fuentes-autografo.jpg\"><img loading=\"lazy\" decoding=\"async\" class=\"aligncenter size-medium wp-image-8120\" src=\"http:\/\/www.eloriente.net\/home\/wp-content\/uploads\/2013\/02\/carlos-fuentes-autografo-225x300.jpg\" alt=\"\" width=\"225\" height=\"300\" srcset=\"https:\/\/www.eloriente.net\/home\/wp-content\/uploads\/2013\/02\/carlos-fuentes-autografo-225x300.jpg 225w, https:\/\/www.eloriente.net\/home\/wp-content\/uploads\/2013\/02\/carlos-fuentes-autografo.jpg 240w\" sizes=\"(max-width: 225px) 100vw, 225px\" \/><\/a><\/p>\n<p>____________________<\/p><\/div>\n<div align=\"justify\">Rodolfo Nar\u00f3, poeta y narrador mexicano, su libro reciente es <em>El orden infinito<\/em>, finalista del Premio Planeta de Novela 2006. <a href=\"http:\/\/www.rodolfonaro.com\/\">wwww.rodolfonaro.com <\/a><br \/>\nFotograf\u00eda: Aut\u00f3grafo de Carlos Fuentes en <em>Los a\u00f1os con Laura D\u00edaz<\/em> <em>\/ <\/em>\u00a9 Rodolfo Nar\u00f3, 2008. Todos los derechos reservados.<\/div>\n\n\t\t\t  <div \n\t\t\t  \tclass = \"fb-comments\" \n\t\t\t  \tdata-href = \"https:\/\/www.eloriente.net\/home\/2013\/02\/07\/el-autografo\/\"\n\t\t\t  \tdata-numposts = \"10\"\n\t\t\t\tdata-colorscheme = \"dark\"\n\t\t\t\tdata-order-by = \"social\"\n\t\t\t\tdata-mobile=true>\n\t\t\t  <\/div>\n\t\t  <style>\n\t\t\t.fb_iframe_widget_fluid_desktop iframe {\n\t\t\t    width: 100% !important;\n\t\t\t}\n\t\t  <\/style>\n\t\t  ","protected":false},"excerpt":{"rendered":"<p>Por: Rodolfo Nar\u00f3 Haciendo una purga de libros en mi biblioteca llegu\u00e9 al estante donde tengo los dedicados y me sorprend\u00ed al encontrarme dos de Octavio Paz, su Obra po\u00e9tica y La llama doble. Otro de Vargas Llosa, de Carlos Fuentes, de Eugenio Montejo y muchos m\u00e1s que tanto me han acompa\u00f1ado. Recuerdo la vez [&hellip;]<\/p>\n","protected":false},"author":4,"featured_media":8120,"comment_status":"closed","ping_status":"open","sticky":false,"template":"","format":"standard","meta":{"_jetpack_memberships_contains_paid_content":false,"footnotes":""},"categories":[32,10,40],"tags":[],"class_list":["post-8119","post","type-post","status-publish","format-standard","has-post-thumbnail","hentry","category-entradas","category-lo-mas-reciente","category-rodolfo-naro"],"jetpack_featured_media_url":"https:\/\/www.eloriente.net\/home\/wp-content\/uploads\/2013\/02\/carlos-fuentes-autografo.jpg","jetpack_sharing_enabled":true,"_links":{"self":[{"href":"https:\/\/www.eloriente.net\/home\/wp-json\/wp\/v2\/posts\/8119"}],"collection":[{"href":"https:\/\/www.eloriente.net\/home\/wp-json\/wp\/v2\/posts"}],"about":[{"href":"https:\/\/www.eloriente.net\/home\/wp-json\/wp\/v2\/types\/post"}],"author":[{"embeddable":true,"href":"https:\/\/www.eloriente.net\/home\/wp-json\/wp\/v2\/users\/4"}],"replies":[{"embeddable":true,"href":"https:\/\/www.eloriente.net\/home\/wp-json\/wp\/v2\/comments?post=8119"}],"version-history":[{"count":1,"href":"https:\/\/www.eloriente.net\/home\/wp-json\/wp\/v2\/posts\/8119\/revisions"}],"predecessor-version":[{"id":8121,"href":"https:\/\/www.eloriente.net\/home\/wp-json\/wp\/v2\/posts\/8119\/revisions\/8121"}],"wp:featuredmedia":[{"embeddable":true,"href":"https:\/\/www.eloriente.net\/home\/wp-json\/wp\/v2\/media\/8120"}],"wp:attachment":[{"href":"https:\/\/www.eloriente.net\/home\/wp-json\/wp\/v2\/media?parent=8119"}],"wp:term":[{"taxonomy":"category","embeddable":true,"href":"https:\/\/www.eloriente.net\/home\/wp-json\/wp\/v2\/categories?post=8119"},{"taxonomy":"post_tag","embeddable":true,"href":"https:\/\/www.eloriente.net\/home\/wp-json\/wp\/v2\/tags?post=8119"}],"curies":[{"name":"wp","href":"https:\/\/api.w.org\/{rel}","templated":true}]}}