{"id":8122,"date":"2013-02-07T09:46:21","date_gmt":"2013-02-07T15:46:21","guid":{"rendered":"http:\/\/www.eloriente.net\/home\/?p=8122"},"modified":"2013-02-07T19:03:19","modified_gmt":"2013-02-08T01:03:19","slug":"convocatoria-13o-concurso-nacional-de-proyectos-de-cortometraje-2013","status":"publish","type":"post","link":"https:\/\/www.eloriente.net\/home\/2013\/02\/07\/convocatoria-13o-concurso-nacional-de-proyectos-de-cortometraje-2013\/","title":{"rendered":"Convocatoria 13\u00ba Concurso Nacional de Proyectos de Cortometraje 2013"},"content":{"rendered":"<p>eloriente.net\/ Imcine<\/p>\n<p>7 de febrero de 2013<\/p>\n<p>eloriente.net (Oaxaca, Oax.) 7 de febrero de 2013.- El Consejo Nacional para la Cultura y las Artes a trav\u00e9s del Instituto Mexicano de Cinematograf\u00eda (Imcine) y su Direcci\u00f3n de Apoyo a la Producci\u00f3n Cinematogr\u00e1fica, ha lanzado la convocatoria para participar en el 13\u00ba Concurso Nacional de Proyectos de Cortometraje 2012, cuyo premio ser\u00e1 la producci\u00f3n de los cortometrajes ganadores en DCP (Digital Cinema Package).<\/p>\n<p>A ra\u00edz de la realizaci\u00f3n de 12 Cert\u00e1menes en el per\u00edodo 2001-2012, el IMCINE convoca al \u201cD\u00e9cimo Tercer Concurso Nacional de Proyectos de Cortometraje\u201d que se abre a todo cineasta con anhelo de manifestar, mediante el cortometraje, sus m\u00e1s \u00edntimas inquietudes o sus m\u00e1s aut\u00e9nticos compromisos de expresi\u00f3n cinematogr\u00e1fica, sin importar el grado de su experiencia profesional o la profundidad de su conocimiento pr\u00e1ctico o te\u00f3rico del lenguaje del cine.<\/p>\n<p>Cabe mencionar que al XII Concurso de Proyectos se inscribieron 149 trabajos: 122 de ficci\u00f3n y 27 de animaci\u00f3n. El cortometraje ganador en ficci\u00f3n fue<strong> GAJES DEL OFICIO<\/strong>, de Mariana Claudia Gironella Ant\u00fanez y en Animaci\u00f3n <strong>EL DON DE LOS ESPEJOS<\/strong>, de Mara Soler Guitian.<\/p>\n<p>Los interesados podr\u00e1n participar en las categor\u00edas de ficci\u00f3n y animaci\u00f3n, para cada una de las cuales existen bases que pueden descargarse<a href=\"http:\/\/www.imcine.gob.mx\/media\/32517.pdf\" target=\"_blank\"> AQU\u00cd<\/a>, o bien, solicitarse al correo electr\u00f3nico <a href=\"mailto:cortos@imcine.gob.mx\" target=\"_blank\">cortos@imcine.gob.mx<\/a>.<\/p>\n<p>Las hojas de registro para cada categor\u00eda pueden descargarse desde el portal de <a href=\"http:\/\/www.imcine.gob.mx\/13er-concurso-nacional-de-proyectos-de-cortometraje-2013.html#contenido-relacionado\" target=\"_blank\">Imcine <\/a>o dando click en los siguientes enlaces: <a href=\"http:\/\/www.imcine.gob.mx\/media\/32523.xlsx\">Hoja Inscripcion Animaci\u00f3n 2013<\/a>, <a href=\"http:\/\/www.imcine.gob.mx\/media\/32524.xlsx\">Hoja Inscripcion Ficci\u00f3n 2013<\/a><\/p>\n<p>Los documentos requeridos en las bases as\u00ed como la hoja de registro podr\u00e1n enviarse hasta el <strong>jueves 28 de marzo<\/strong> del presente. La recepci\u00f3n de los proyectos ser\u00e1 tambi\u00e9n hasta esta fecha en un horario<strong>de 10 a 14 horas<\/strong> en la Direcci\u00f3n de Apoyo a la Producci\u00f3n Cinematogr\u00e1fica del IMCINE, en Insurgentes Sur # 674-2\u00b0 Piso, Col. Del Valle, C.P. 03100, M\u00e9xico, D.F.<\/p>\n<p>La publicaci\u00f3n de resultados en prensa se realizar\u00e1 el\u00a0 domingo 26 de mayo y en web ser\u00e1n publicados el lunes 27.<\/p>\n<p>Para mayor informaci\u00f3n se pueden comunicar al tel\u00e9fono 5448 53 50 al 55.<\/p>\n\n\t\t\t  <div \n\t\t\t  \tclass = \"fb-comments\" \n\t\t\t  \tdata-href = \"https:\/\/www.eloriente.net\/home\/2013\/02\/07\/convocatoria-13o-concurso-nacional-de-proyectos-de-cortometraje-2013\/\"\n\t\t\t  \tdata-numposts = \"10\"\n\t\t\t\tdata-colorscheme = \"dark\"\n\t\t\t\tdata-order-by = \"social\"\n\t\t\t\tdata-mobile=true>\n\t\t\t  <\/div>\n\t\t  <style>\n\t\t\t.fb_iframe_widget_fluid_desktop iframe {\n\t\t\t    width: 100% !important;\n\t\t\t}\n\t\t  <\/style>\n\t\t  ","protected":false},"excerpt":{"rendered":"<p>eloriente.net\/ Imcine 7 de febrero de 2013 eloriente.net (Oaxaca, Oax.) 7 de febrero de 2013.- El Consejo Nacional para la Cultura y las Artes a trav\u00e9s del Instituto Mexicano de Cinematograf\u00eda (Imcine) y su Direcci\u00f3n de Apoyo a la Producci\u00f3n Cinematogr\u00e1fica, ha lanzado la convocatoria para participar en el 13\u00ba Concurso Nacional de Proyectos de [&hellip;]<\/p>\n","protected":false},"author":1,"featured_media":525,"comment_status":"closed","ping_status":"open","sticky":false,"template":"","format":"standard","meta":{"_jetpack_memberships_contains_paid_content":false,"footnotes":""},"categories":[26,18,32,10],"tags":[],"class_list":["post-8122","post","type-post","status-publish","format-standard","has-post-thumbnail","hentry","category-convocatorias","category-educacion-y-cultura","category-entradas","category-lo-mas-reciente"],"jetpack_featured_media_url":"https:\/\/www.eloriente.net\/home\/wp-content\/uploads\/2012\/07\/cine12.jpg","jetpack_sharing_enabled":true,"_links":{"self":[{"href":"https:\/\/www.eloriente.net\/home\/wp-json\/wp\/v2\/posts\/8122"}],"collection":[{"href":"https:\/\/www.eloriente.net\/home\/wp-json\/wp\/v2\/posts"}],"about":[{"href":"https:\/\/www.eloriente.net\/home\/wp-json\/wp\/v2\/types\/post"}],"author":[{"embeddable":true,"href":"https:\/\/www.eloriente.net\/home\/wp-json\/wp\/v2\/users\/1"}],"replies":[{"embeddable":true,"href":"https:\/\/www.eloriente.net\/home\/wp-json\/wp\/v2\/comments?post=8122"}],"version-history":[{"count":4,"href":"https:\/\/www.eloriente.net\/home\/wp-json\/wp\/v2\/posts\/8122\/revisions"}],"predecessor-version":[{"id":8175,"href":"https:\/\/www.eloriente.net\/home\/wp-json\/wp\/v2\/posts\/8122\/revisions\/8175"}],"wp:featuredmedia":[{"embeddable":true,"href":"https:\/\/www.eloriente.net\/home\/wp-json\/wp\/v2\/media\/525"}],"wp:attachment":[{"href":"https:\/\/www.eloriente.net\/home\/wp-json\/wp\/v2\/media?parent=8122"}],"wp:term":[{"taxonomy":"category","embeddable":true,"href":"https:\/\/www.eloriente.net\/home\/wp-json\/wp\/v2\/categories?post=8122"},{"taxonomy":"post_tag","embeddable":true,"href":"https:\/\/www.eloriente.net\/home\/wp-json\/wp\/v2\/tags?post=8122"}],"curies":[{"name":"wp","href":"https:\/\/api.w.org\/{rel}","templated":true}]}}